{"id":80785,"date":"2025-08-25T22:44:00","date_gmt":"2025-08-25T22:44:00","guid":{"rendered":"https:\/\/lavozdelpueblo.mx\/index.php\/2025\/08\/25\/el-mayo-zambada-se-declara-culpable-en-ee-uu\/"},"modified":"2025-08-25T22:44:00","modified_gmt":"2025-08-25T22:44:00","slug":"el-mayo-zambada-se-declara-culpable-en-ee-uu","status":"publish","type":"post","link":"https:\/\/lavozdelpueblo.mx\/index.php\/2025\/08\/25\/el-mayo-zambada-se-declara-culpable-en-ee-uu\/","title":{"rendered":"\u201cEl Mayo\u201d Zambada se declara culpable en EE.UU."},"content":{"rendered":"<p>Ismael \u201cEl Mayo\u201d Zambada, reconocido l\u00edder del C\u00e1rtel de Sinaloa, admiti\u00f3 su culpabilidad este lunes en una corte federal de Brooklyn, Nueva York, por delitos relacionados con narcotr\u00e1fico y crimen organizado. Con 77 a\u00f1os de edad, Zambada asumi\u00f3 su responsabilidad en el tr\u00e1fico de m\u00e1s de 1.5 millones de kilos de coca\u00edna hacia Estados Unidos desde la d\u00e9cada de 1980, as\u00ed como en operaciones que implicaron sobornos a autoridades mexicanas, el uso de rutas a\u00e9reas y mar\u00edtimas, y la protecci\u00f3n de sicarios y grupos armados.<\/p>\n<p>Durante la audiencia, el l\u00edder del cartel expres\u00f3 una disculpa p\u00fablica, reconociendo el perjuicio causado por las drogas ilegales en Estados Unidos y M\u00e9xico, asumiendo la responsabilidad de sus acciones. La fiscal\u00eda estadounidense, descartando la pena de muerte, lleg\u00f3 a un acuerdo judicial. La sentencia se dictar\u00e1 el 13 de enero de 2026, y se espera que Zambada sea condenado a cadena perpetua.<\/p>\n<p>El arresto de \u201cEl Mayo\u201d en 2024 en Texas, tras m\u00e1s de dos d\u00e9cadas pr\u00f3fugo, y su posterior admisi\u00f3n de culpabilidad, marcan un hito hist\u00f3rico en la lucha contra el C\u00e1rtel de Sinaloa, cuya influencia se ha extendido por m\u00e1s de cuatro d\u00e9cadas en M\u00e9xico y Estados Unidos.<\/p>\n","protected":false},"excerpt":{"rendered":"<p>Ismael \u201cEl Mayo\u201d Zambada, reconocido l\u00edder del C\u00e1rtel de Sinaloa, admiti\u00f3 su culpabilidad este lunes en una corte federal de Brooklyn, Nueva York, por delitos relacionados con narcotr\u00e1fico y crimen organizado. Con 77 a\u00f1os de edad, Zambada asumi\u00f3 su responsabilidad en el tr\u00e1fico de m\u00e1s de 1.5 millones de kilos de coca\u00edna hacia Estados Unidos [&hellip;]<\/p>\n","protected":false},"author":1,"featured_media":80784,"comment_status":"open","ping_status":"open","sticky":false,"template":"","format":"standard","meta":{"footnotes":""},"categories":[4],"tags":[],"class_list":["post-80785","post","type-post","status-publish","format-standard","has-post-thumbnail","hentry","category-internacional"],"_links":{"self":[{"href":"https:\/\/lavozdelpueblo.mx\/index.php\/wp-json\/wp\/v2\/posts\/80785","targetHints":{"allow":["GET"]}}],"collection":[{"href":"https:\/\/lavozdelpueblo.mx\/index.php\/wp-json\/wp\/v2\/posts"}],"about":[{"href":"https:\/\/lavozdelpueblo.mx\/index.php\/wp-json\/wp\/v2\/types\/post"}],"author":[{"embeddable":true,"href":"https:\/\/lavozdelpueblo.mx\/index.php\/wp-json\/wp\/v2\/users\/1"}],"replies":[{"embeddable":true,"href":"https:\/\/lavozdelpueblo.mx\/index.php\/wp-json\/wp\/v2\/comments?post=80785"}],"version-history":[{"count":0,"href":"https:\/\/lavozdelpueblo.mx\/index.php\/wp-json\/wp\/v2\/posts\/80785\/revisions"}],"wp:featuredmedia":[{"embeddable":true,"href":"https:\/\/lavozdelpueblo.mx\/index.php\/wp-json\/wp\/v2\/media\/80784"}],"wp:attachment":[{"href":"https:\/\/lavozdelpueblo.mx\/index.php\/wp-json\/wp\/v2\/media?parent=80785"}],"wp:term":[{"taxonomy":"category","embeddable":true,"href":"https:\/\/lavozdelpueblo.mx\/index.php\/wp-json\/wp\/v2\/categories?post=80785"},{"taxonomy":"post_tag","embeddable":true,"href":"https:\/\/lavozdelpueblo.mx\/index.php\/wp-json\/wp\/v2\/tags?post=80785"}],"curies":[{"name":"wp","href":"https:\/\/api.w.org\/{rel}","templated":true}]}}